{"id":26467,"date":"2015-08-19T15:36:09","date_gmt":"2015-08-19T18:36:09","guid":{"rendered":"https:\/\/www.infraestruturameioambiente.sp.gov.br\/editais\/?p=26467"},"modified":"2023-07-24T02:41:31","modified_gmt":"2023-07-24T05:41:31","slug":"pregao-eletronico-no-0102015if","status":"publish","type":"post","link":"https:\/\/www.infraestruturameioambiente.sp.gov.br\/editais\/2015\/08\/pregao-eletronico-no-0102015if\/","title":{"rendered":"Preg\u00e3o Eletr\u00f4nico n\u00ba 10\/2015 &#8211; IF"},"content":{"rendered":"<p style=\"text-align: left\" align=\"center\"><strong>SERVI\u00c7OS DE CONFEC\u00c7\u00c3O DE 02 (DOIS) ARQUIVOS DESLIZANTES E COMPONENTES INTERNOS<\/strong><\/p>\n<h2><span style=\"font-size: 14px;line-height: 1.5em\">\u00a0<\/span><\/h2>\n<p align=\"justify\"><strong>Processo SMA N\u00b0<\/strong>\u00a05.303\/2015<br \/>\n<strong>Oferta de Compra n\u00ba:\u00a0<\/strong>260034000012015OC00004<br \/>\n<strong>Edital de Preg\u00e3o Eletr\u00f4nico: <\/strong>010\/2015<br \/>\n<strong>Data in\u00edcio do Prazo de envio para a proposta eletr\u00f4nica: <\/strong>17\/08\/2015<br \/>\n<strong>Abertura da sess\u00e3o p\u00fablica: <\/strong>27\/08\/2015, 10:00 HORAS<\/p>\n<p align=\"justify\"><strong>Objeto:<\/strong> &#8211; Preg\u00e3o eletr\u00f4nico do tipo menor pre\u00e7o, objetivando a execu\u00e7\u00e3o de servi\u00e7os de confec\u00e7\u00e3o de dois sistemas deslizantes e componentes internos para instala\u00e7\u00e3o no Instituto Florestal<\/p>\n<p align=\"justify\"><a href=\"https:\/\/smastr16.blob.core.windows.net\/editais\/2015\/08\/PE_010_2015.pdf\">Download do Edital<\/a><\/p>\n","protected":false},"excerpt":{"rendered":"<p>SERVI\u00c7OS DE CONFEC\u00c7\u00c3O DE 02 (DOIS) ARQUIVOS DESLIZANTES E COMPONENTES INTERNOS \u00a0 Processo SMA N\u00b0\u00a05.303\/2015 Oferta de Compra n\u00ba:\u00a0260034000012015OC00004 Edital de Preg\u00e3o Eletr\u00f4nico: 010\/2015 Data in\u00edcio do Prazo de envio para a proposta eletr\u00f4nica: 17\/08\/2015 Abertura da sess\u00e3o p\u00fablica: 27\/08\/2015, 10:00 HORAS Objeto: &#8211; Preg\u00e3o eletr\u00f4nico do tipo menor pre\u00e7o, objetivando a execu\u00e7\u00e3o de servi\u00e7os [&hellip;]<\/p>\n","protected":false},"author":1,"featured_media":0,"comment_status":"closed","ping_status":"closed","sticky":false,"template":"","format":"standard","meta":[],"categories":[52,28],"tags":[],"_links":{"self":[{"href":"https:\/\/www.infraestruturameioambiente.sp.gov.br\/editais\/wp-json\/wp\/v2\/posts\/26467"}],"collection":[{"href":"https:\/\/www.infraestruturameioambiente.sp.gov.br\/editais\/wp-json\/wp\/v2\/posts"}],"about":[{"href":"https:\/\/www.infraestruturameioambiente.sp.gov.br\/editais\/wp-json\/wp\/v2\/types\/post"}],"author":[{"embeddable":true,"href":"https:\/\/www.infraestruturameioambiente.sp.gov.br\/editais\/wp-json\/wp\/v2\/users\/1"}],"replies":[{"embeddable":true,"href":"https:\/\/www.infraestruturameioambiente.sp.gov.br\/editais\/wp-json\/wp\/v2\/comments?post=26467"}],"version-history":[{"count":1,"href":"https:\/\/www.infraestruturameioambiente.sp.gov.br\/editais\/wp-json\/wp\/v2\/posts\/26467\/revisions"}],"predecessor-version":[{"id":36808,"href":"https:\/\/www.infraestruturameioambiente.sp.gov.br\/editais\/wp-json\/wp\/v2\/posts\/26467\/revisions\/36808"}],"wp:attachment":[{"href":"https:\/\/www.infraestruturameioambiente.sp.gov.br\/editais\/wp-json\/wp\/v2\/media?parent=26467"}],"wp:term":[{"taxonomy":"category","embeddable":true,"href":"https:\/\/www.infraestruturameioambiente.sp.gov.br\/editais\/wp-json\/wp\/v2\/categories?post=26467"},{"taxonomy":"post_tag","embeddable":true,"href":"https:\/\/www.infraestruturameioambiente.sp.gov.br\/editais\/wp-json\/wp\/v2\/tags?post=26467"}],"curies":[{"name":"wp","href":"https:\/\/api.w.org\/{rel}","templated":true}]}}