{"id":25437,"date":"2014-07-22T10:52:45","date_gmt":"2014-07-22T13:52:45","guid":{"rendered":"https:\/\/www.infraestruturameioambiente.sp.gov.br\/editais\/?p=25437"},"modified":"2023-07-24T02:42:55","modified_gmt":"2023-07-24T05:42:55","slug":"pregao-eletronico-no-0082014if","status":"publish","type":"post","link":"https:\/\/www.infraestruturameioambiente.sp.gov.br\/editais\/2014\/07\/pregao-eletronico-no-0082014if\/","title":{"rendered":"Preg\u00e3o Eletr\u00f4nico n\u00ba 008\/2014\/IF"},"content":{"rendered":"<p><strong>Preg\u00e3o Eletr\u00f4nico n\u00ba 008\/2014<\/strong>\u00a0&#8211;\u00a0<span style=\"text-align: justify;line-height: 1.5em\">CONTRATA\u00c7\u00c3O DE SERVI\u00c7OS DE DEDETIZA\u00c7\u00c3O, EXPURGO E FUMIGA\u00c7\u00c3O PARA AS COLE\u00c7\u00d5ES CIENT\u00cdFICAS: HERB\u00c1RIO D. BENTO PICKEL, XILOTECA DO INSTITUTO FLORESTAL E PR\u00c9DIO DA DIRETORIA DA DIVIS\u00c3O DE DASONOMIA<\/span><\/p>\n<p align=\"justify\"><strong>Processo SMA N\u00b0 <\/strong>3.112\/2014<br \/>\n<strong>Oferta de Compra:<\/strong>\u00a0260108000012014OC00044<br \/>\n<strong>Edital de Preg\u00e3o Eletr\u00f4nico:<\/strong>008\/2014<br \/>\n<strong>Data in\u00edcio do Prazo de envio para a proposta eletr\u00f4nica:\u00a0<\/strong>07\/08\/2014<br \/>\n<strong>Abertura da sess\u00e3o p\u00fablica:\u00a0<\/strong>21\/08\/2014, 10:00 HORAS<\/p>\n<p align=\"justify\"><strong>Objeto:<\/strong>\u00a0&#8211;\u00a0\u00a0CONTRATA\u00c7\u00c3O DE SERVI\u00c7OS DE TRATAMENTO POR PROCESSO QU\u00cdMICO ESPECIALIZADO PARA A PRESERVA\u00c7\u00c3O DAS COLE\u00c7\u00d5ES: HERB\u00c1RIO DOM BENTO PICKEL E XILOTECA DO INSTITUTO FLORESTAL E PR\u00c9DIO DA DIRETORIA DA DIVIS\u00c3O DE DASONOMIA, BEM COMO DAS EDIFICA\u00c7\u00d5ES QUE ABRIGAM AS RESPECTIVAS COLE\u00c7\u00d5ES; E TRATAMENTO DE CUPIM DE SOLO NOS PR\u00c9DIOS DA XILOTECA E PR\u00c9DIO DA DIRETORIA DA DIVIS\u00c3O DE DASONOMIA<b><br \/>\n<\/b><\/p>\n<p><a href=\"https:\/\/smastr16.blob.core.windows.net\/editais\/2014\/07\/PE_008_2014.pdf\" target=\"_blank\" rel=\"noopener\">EDITAL<\/a><\/p>\n","protected":false},"excerpt":{"rendered":"<p>Preg\u00e3o Eletr\u00f4nico n\u00ba 008\/2014\u00a0&#8211;\u00a0CONTRATA\u00c7\u00c3O DE SERVI\u00c7OS DE DEDETIZA\u00c7\u00c3O, EXPURGO E FUMIGA\u00c7\u00c3O PARA AS COLE\u00c7\u00d5ES CIENT\u00cdFICAS: HERB\u00c1RIO D. BENTO PICKEL, XILOTECA DO INSTITUTO FLORESTAL E PR\u00c9DIO DA DIRETORIA DA DIVIS\u00c3O DE DASONOMIA Processo SMA N\u00b0 3.112\/2014 Oferta de Compra:\u00a0260108000012014OC00044 Edital de Preg\u00e3o Eletr\u00f4nico:008\/2014 Data in\u00edcio do Prazo de envio para a proposta eletr\u00f4nica:\u00a007\/08\/2014 Abertura da sess\u00e3o [&hellip;]<\/p>\n","protected":false},"author":1,"featured_media":0,"comment_status":"closed","ping_status":"closed","sticky":false,"template":"","format":"standard","meta":[],"categories":[52,28],"tags":[],"_links":{"self":[{"href":"https:\/\/www.infraestruturameioambiente.sp.gov.br\/editais\/wp-json\/wp\/v2\/posts\/25437"}],"collection":[{"href":"https:\/\/www.infraestruturameioambiente.sp.gov.br\/editais\/wp-json\/wp\/v2\/posts"}],"about":[{"href":"https:\/\/www.infraestruturameioambiente.sp.gov.br\/editais\/wp-json\/wp\/v2\/types\/post"}],"author":[{"embeddable":true,"href":"https:\/\/www.infraestruturameioambiente.sp.gov.br\/editais\/wp-json\/wp\/v2\/users\/1"}],"replies":[{"embeddable":true,"href":"https:\/\/www.infraestruturameioambiente.sp.gov.br\/editais\/wp-json\/wp\/v2\/comments?post=25437"}],"version-history":[{"count":1,"href":"https:\/\/www.infraestruturameioambiente.sp.gov.br\/editais\/wp-json\/wp\/v2\/posts\/25437\/revisions"}],"predecessor-version":[{"id":36963,"href":"https:\/\/www.infraestruturameioambiente.sp.gov.br\/editais\/wp-json\/wp\/v2\/posts\/25437\/revisions\/36963"}],"wp:attachment":[{"href":"https:\/\/www.infraestruturameioambiente.sp.gov.br\/editais\/wp-json\/wp\/v2\/media?parent=25437"}],"wp:term":[{"taxonomy":"category","embeddable":true,"href":"https:\/\/www.infraestruturameioambiente.sp.gov.br\/editais\/wp-json\/wp\/v2\/categories?post=25437"},{"taxonomy":"post_tag","embeddable":true,"href":"https:\/\/www.infraestruturameioambiente.sp.gov.br\/editais\/wp-json\/wp\/v2\/tags?post=25437"}],"curies":[{"name":"wp","href":"https:\/\/api.w.org\/{rel}","templated":true}]}}