{"id":25434,"date":"2014-07-21T16:39:37","date_gmt":"2014-07-21T19:39:37","guid":{"rendered":"https:\/\/www.infraestruturameioambiente.sp.gov.br\/editais\/?p=25434"},"modified":"2023-07-24T02:42:55","modified_gmt":"2023-07-24T05:42:55","slug":"pregao-eletronico-no-182014fpbrn","status":"publish","type":"post","link":"https:\/\/www.infraestruturameioambiente.sp.gov.br\/editais\/2014\/07\/pregao-eletronico-no-182014fpbrn\/","title":{"rendered":"Preg\u00e3o Eletr\u00f4nico n\u00ba 18\/2014\/FPBRN"},"content":{"rendered":"<p>Processo: 3.078\/2013<br \/>\nPre\u00e2mbulo: Presta\u00e7\u00e3o de servi\u00e7os de gerenciamento do abastecimento de combust\u00edvel de ve\u00edculos e outros servi\u00e7os prestados (manuten\u00e7\u00e3o) por postos credenciados para a Pol\u00edcia Militar Ambiental \u2013 PAmb.<\/p>\n<p>Data e hora da abertura da sess\u00e3o p\u00fablica: 05\/08\/2014 \u00e0s 09h00<\/p>\n<p>Acha-se aberta no Gabinete do Secret\u00e1rio da Secretaria do Meio Ambiente, a licita\u00e7\u00e3o na modalidade Preg\u00e3o Eletr\u00f4nico n\u00ba 18\/2014\/FPBRN, Processo n\u00ba 3.078\/2013, destinada \u00e0 presta\u00e7\u00e3o de servi\u00e7os de gerenciamento do abastecimento de combust\u00edvel de ve\u00edculos, e outros servi\u00e7os prestados (manuten\u00e7\u00e3o) por postos credenciados para a Pol\u00edcia Militar Ambiental &#8211; PAmb. A abertura das propostas dar-se-\u00e1 no dia 05\/08\/2014 \u00e0s 09h00, no site www.bec.sp.gov.br, atrav\u00e9s da Oferta de Compra 260030000012014OC00023. As propostas ser\u00e3o recebidas no site a partir do dia 23\/07\/2014. Os interessados poder\u00e3o consultar o Edital completo nos sites http:\/\/www.e-negociospublicos.com.br; www.bec.sp.gov.br ou www.infraestruturameioambiente.sp.gov.br. Maiores esclarecimentos: (11) 3133-3979 ou email: licitacoes@infraestruturameioambiente.sp.gov.br.<\/p>\n<ul>\n<li><a href=\"https:\/\/smastr16.blob.core.windows.net\/editais\/2014\/07\/PregaoEletronico-18-2014-FPBRN.pdf\">Download do edital<\/a><\/li>\n<\/ul>\n","protected":false},"excerpt":{"rendered":"<p>Processo: 3.078\/2013 Pre\u00e2mbulo: Presta\u00e7\u00e3o de servi\u00e7os de gerenciamento do abastecimento de combust\u00edvel de ve\u00edculos e outros servi\u00e7os prestados (manuten\u00e7\u00e3o) por postos credenciados para a Pol\u00edcia Militar Ambiental \u2013 PAmb. Data e hora da abertura da sess\u00e3o p\u00fablica: 05\/08\/2014 \u00e0s 09h00 Acha-se aberta no Gabinete do Secret\u00e1rio da Secretaria do Meio Ambiente, a licita\u00e7\u00e3o na modalidade [&hellip;]<\/p>\n","protected":false},"author":1,"featured_media":0,"comment_status":"closed","ping_status":"closed","sticky":false,"template":"","format":"standard","meta":[],"categories":[52,5],"tags":[],"_links":{"self":[{"href":"https:\/\/www.infraestruturameioambiente.sp.gov.br\/editais\/wp-json\/wp\/v2\/posts\/25434"}],"collection":[{"href":"https:\/\/www.infraestruturameioambiente.sp.gov.br\/editais\/wp-json\/wp\/v2\/posts"}],"about":[{"href":"https:\/\/www.infraestruturameioambiente.sp.gov.br\/editais\/wp-json\/wp\/v2\/types\/post"}],"author":[{"embeddable":true,"href":"https:\/\/www.infraestruturameioambiente.sp.gov.br\/editais\/wp-json\/wp\/v2\/users\/1"}],"replies":[{"embeddable":true,"href":"https:\/\/www.infraestruturameioambiente.sp.gov.br\/editais\/wp-json\/wp\/v2\/comments?post=25434"}],"version-history":[{"count":1,"href":"https:\/\/www.infraestruturameioambiente.sp.gov.br\/editais\/wp-json\/wp\/v2\/posts\/25434\/revisions"}],"predecessor-version":[{"id":36964,"href":"https:\/\/www.infraestruturameioambiente.sp.gov.br\/editais\/wp-json\/wp\/v2\/posts\/25434\/revisions\/36964"}],"wp:attachment":[{"href":"https:\/\/www.infraestruturameioambiente.sp.gov.br\/editais\/wp-json\/wp\/v2\/media?parent=25434"}],"wp:term":[{"taxonomy":"category","embeddable":true,"href":"https:\/\/www.infraestruturameioambiente.sp.gov.br\/editais\/wp-json\/wp\/v2\/categories?post=25434"},{"taxonomy":"post_tag","embeddable":true,"href":"https:\/\/www.infraestruturameioambiente.sp.gov.br\/editais\/wp-json\/wp\/v2\/tags?post=25434"}],"curies":[{"name":"wp","href":"https:\/\/api.w.org\/{rel}","templated":true}]}}