{"id":24959,"date":"2013-11-07T11:50:33","date_gmt":"2013-11-07T13:50:33","guid":{"rendered":"https:\/\/www.infraestruturameioambiente.sp.gov.br\/editais\/?p=24959"},"modified":"2023-07-24T02:44:27","modified_gmt":"2023-07-24T05:44:27","slug":"pregao-eletronico-no-062013cpla","status":"publish","type":"post","link":"https:\/\/www.infraestruturameioambiente.sp.gov.br\/editais\/2013\/11\/pregao-eletronico-no-062013cpla\/","title":{"rendered":"Preg\u00e3o Eletr\u00f4nico n\u00ba 06\/2013\/CPLA"},"content":{"rendered":"<p>Processo:9.349\/2013<br \/>\nPre\u00e2mbulo: Contrata\u00e7\u00e3o de empresa para presta\u00e7\u00e3o de servi\u00e7os de fornecimento de alimenta\u00e7\u00e3o, do tipo \u201cwelcome coffee\u201d e \u201cbrunch\u201d, para a Cerim\u00f4nia de Premia\u00e7\u00e3o do Munic\u00edpio VerdeAzul.<br \/>\nData e hora da abertura da sess\u00e3o p\u00fablica: 22\/11\/2013 \u00e0s 09h00.<\/p>\n<p>Acha-se aberta na Coordenadoria de Planejamento Ambiental da Secretaria do Meio Ambiente, a licita\u00e7\u00e3o na modalidade Preg\u00e3o Eletr\u00f4nico n\u00ba 06\/2013\/CPLA, Processo n\u00ba 9.349\/2013, destinada \u00e0 contrata\u00e7\u00e3o de empresa para presta\u00e7\u00e3o de servi\u00e7os de fornecimento de alimenta\u00e7\u00e3o, do tipo \u201cwelcome coffee\u201d e \u201cbrunch\u201d, para a Cerim\u00f4nia de Premia\u00e7\u00e3o do Munic\u00edpio VerdeAzul. A abertura das propostas dar-se-\u00e1 no dia 22\/11\/2013 \u00e0s 09h00, no site www.bec.sp.gov.br, atrav\u00e9s da Oferta de Compra n\u00b0 260115000012013OC00006. As propostas ser\u00e3o recebidas no site a partir do dia 07\/11\/2013. Os interessados poder\u00e3o consultar o Edital completo nos sites http:\/\/www.e-negociospublicos.com.br; www.bec.sp.gov.br ou www.infraestruturameioambiente.sp.gov.br. Maiores esclarecimentos: (11) 3133-3979 ou email: licitacoes@infraestruturameioambiente.sp.gov.br<\/p>\n<ul>\n<li><a href=\"https:\/\/smastr16.blob.core.windows.net\/editais\/2013\/11\/EDITAL-DE-PREG\u00c3O-ELETR\u00d4NICO-06-2013-CPLA.pdf\">Download do edital<\/a><\/li>\n<\/ul>\n","protected":false},"excerpt":{"rendered":"<p>Processo:9.349\/2013 Pre\u00e2mbulo: Contrata\u00e7\u00e3o de empresa para presta\u00e7\u00e3o de servi\u00e7os de fornecimento de alimenta\u00e7\u00e3o, do tipo \u201cwelcome coffee\u201d e \u201cbrunch\u201d, para a Cerim\u00f4nia de Premia\u00e7\u00e3o do Munic\u00edpio VerdeAzul. Data e hora da abertura da sess\u00e3o p\u00fablica: 22\/11\/2013 \u00e0s 09h00. Acha-se aberta na Coordenadoria de Planejamento Ambiental da Secretaria do Meio Ambiente, a licita\u00e7\u00e3o na modalidade Preg\u00e3o [&hellip;]<\/p>\n","protected":false},"author":1,"featured_media":0,"comment_status":"open","ping_status":"open","sticky":false,"template":"","format":"standard","meta":[],"categories":[52,5],"tags":[],"_links":{"self":[{"href":"https:\/\/www.infraestruturameioambiente.sp.gov.br\/editais\/wp-json\/wp\/v2\/posts\/24959"}],"collection":[{"href":"https:\/\/www.infraestruturameioambiente.sp.gov.br\/editais\/wp-json\/wp\/v2\/posts"}],"about":[{"href":"https:\/\/www.infraestruturameioambiente.sp.gov.br\/editais\/wp-json\/wp\/v2\/types\/post"}],"author":[{"embeddable":true,"href":"https:\/\/www.infraestruturameioambiente.sp.gov.br\/editais\/wp-json\/wp\/v2\/users\/1"}],"replies":[{"embeddable":true,"href":"https:\/\/www.infraestruturameioambiente.sp.gov.br\/editais\/wp-json\/wp\/v2\/comments?post=24959"}],"version-history":[{"count":1,"href":"https:\/\/www.infraestruturameioambiente.sp.gov.br\/editais\/wp-json\/wp\/v2\/posts\/24959\/revisions"}],"predecessor-version":[{"id":37057,"href":"https:\/\/www.infraestruturameioambiente.sp.gov.br\/editais\/wp-json\/wp\/v2\/posts\/24959\/revisions\/37057"}],"wp:attachment":[{"href":"https:\/\/www.infraestruturameioambiente.sp.gov.br\/editais\/wp-json\/wp\/v2\/media?parent=24959"}],"wp:term":[{"taxonomy":"category","embeddable":true,"href":"https:\/\/www.infraestruturameioambiente.sp.gov.br\/editais\/wp-json\/wp\/v2\/categories?post=24959"},{"taxonomy":"post_tag","embeddable":true,"href":"https:\/\/www.infraestruturameioambiente.sp.gov.br\/editais\/wp-json\/wp\/v2\/tags?post=24959"}],"curies":[{"name":"wp","href":"https:\/\/api.w.org\/{rel}","templated":true}]}}