{"id":24860,"date":"2013-10-14T12:31:26","date_gmt":"2013-10-14T15:31:26","guid":{"rendered":"https:\/\/www.infraestruturameioambiente.sp.gov.br\/editais\/?p=24860"},"modified":"2023-07-24T02:44:31","modified_gmt":"2023-07-24T05:44:31","slug":"pregao-eletronico-no-402013gs","status":"publish","type":"post","link":"https:\/\/www.infraestruturameioambiente.sp.gov.br\/editais\/2013\/10\/pregao-eletronico-no-402013gs\/","title":{"rendered":"Preg\u00e3o Eletr\u00f4nico n\u00ba 40\/2013\/GS"},"content":{"rendered":"<p>Processo:8.155\/2013<br \/>\nPre\u00e2mbulo: Contrata\u00e7\u00e3o de servi\u00e7os de manuten\u00e7\u00e3o e conserva\u00e7\u00e3o de jardins para o Parque Bel\u00e9m.<br \/>\nData e hora da abertura da sess\u00e3o p\u00fablica: 24\/10\/2013 \u00e0s 09h00.<\/p>\n<p>Acha-se aberta no Gabinete do Secret\u00e1rio da Secretaria do Meio Ambiente, a licita\u00e7\u00e3o na modalidade Preg\u00e3o Eletr\u00f4nico n\u00ba 40\/2013\/GS, Processo n\u00ba 8.155\/2013, destinada \u00e0 contrata\u00e7\u00e3o de servi\u00e7os de manuten\u00e7\u00e3o e conserva\u00e7\u00e3o de jardins para o Parque Bel\u00e9m.<\/p>\n<p>A abertura das propostas dar-se-\u00e1 no dia 24\/10\/2013 \u00e0s 09h00, no site www.bec.sp.gov.br, atrav\u00e9s da Oferta de Compra n\u00b0 260031000012013OC00059. As propostas ser\u00e3o recebidas no site a partir do dia 14\/10\/2013. Os interessados poder\u00e3o consultar o Edital completo nos sites http:\/\/www.e-negociospublicos.com.br; www.bec.sp.gov.br ou www.infraestruturameioambiente.sp.gov.br. Maiores esclarecimentos: (11) 3133-3979 ou email: licitacoes@infraestruturameioambiente.sp.gov.br<\/p>\n<ul>\n<li><a href=\"https:\/\/smastr16.blob.core.windows.net\/editais\/2013\/10\/EDITAL-DE-PREG\u00c3O-ELETR\u00d4NICO-n\u00b0-40-2013-GS.pdf\">Download do edital<\/a><\/li>\n<\/ul>\n","protected":false},"excerpt":{"rendered":"<p>Processo:8.155\/2013 Pre\u00e2mbulo: Contrata\u00e7\u00e3o de servi\u00e7os de manuten\u00e7\u00e3o e conserva\u00e7\u00e3o de jardins para o Parque Bel\u00e9m. Data e hora da abertura da sess\u00e3o p\u00fablica: 24\/10\/2013 \u00e0s 09h00. Acha-se aberta no Gabinete do Secret\u00e1rio da Secretaria do Meio Ambiente, a licita\u00e7\u00e3o na modalidade Preg\u00e3o Eletr\u00f4nico n\u00ba 40\/2013\/GS, Processo n\u00ba 8.155\/2013, destinada \u00e0 contrata\u00e7\u00e3o de servi\u00e7os de manuten\u00e7\u00e3o [&hellip;]<\/p>\n","protected":false},"author":1,"featured_media":0,"comment_status":"open","ping_status":"open","sticky":false,"template":"","format":"standard","meta":[],"categories":[52,5],"tags":[],"_links":{"self":[{"href":"https:\/\/www.infraestruturameioambiente.sp.gov.br\/editais\/wp-json\/wp\/v2\/posts\/24860"}],"collection":[{"href":"https:\/\/www.infraestruturameioambiente.sp.gov.br\/editais\/wp-json\/wp\/v2\/posts"}],"about":[{"href":"https:\/\/www.infraestruturameioambiente.sp.gov.br\/editais\/wp-json\/wp\/v2\/types\/post"}],"author":[{"embeddable":true,"href":"https:\/\/www.infraestruturameioambiente.sp.gov.br\/editais\/wp-json\/wp\/v2\/users\/1"}],"replies":[{"embeddable":true,"href":"https:\/\/www.infraestruturameioambiente.sp.gov.br\/editais\/wp-json\/wp\/v2\/comments?post=24860"}],"version-history":[{"count":1,"href":"https:\/\/www.infraestruturameioambiente.sp.gov.br\/editais\/wp-json\/wp\/v2\/posts\/24860\/revisions"}],"predecessor-version":[{"id":37079,"href":"https:\/\/www.infraestruturameioambiente.sp.gov.br\/editais\/wp-json\/wp\/v2\/posts\/24860\/revisions\/37079"}],"wp:attachment":[{"href":"https:\/\/www.infraestruturameioambiente.sp.gov.br\/editais\/wp-json\/wp\/v2\/media?parent=24860"}],"wp:term":[{"taxonomy":"category","embeddable":true,"href":"https:\/\/www.infraestruturameioambiente.sp.gov.br\/editais\/wp-json\/wp\/v2\/categories?post=24860"},{"taxonomy":"post_tag","embeddable":true,"href":"https:\/\/www.infraestruturameioambiente.sp.gov.br\/editais\/wp-json\/wp\/v2\/tags?post=24860"}],"curies":[{"name":"wp","href":"https:\/\/api.w.org\/{rel}","templated":true}]}}